{"id":378,"date":"2014-03-28T16:14:57","date_gmt":"2014-03-28T16:14:57","guid":{"rendered":"http:\/\/www.asiared.com\/es\/notices\/2014\/03\/japon-registra-una-subida-del-ipc-del-1-3-pero-no-aleja-la-sombra-de-la-deflacion-4892.php"},"modified":"2014-03-28T16:14:57","modified_gmt":"2014-03-28T16:14:57","slug":"japon-registra-una-subida-del-ipc-del-13-pero-no-aleja-la-sombra-de-la-deflacion","status":"publish","type":"post","link":"https:\/\/infochina.com.ar\/?p=378","title":{"rendered":"Jap\u00f3n registra una subida del IPC del 1,3%, pero no aleja la sombra de la deflaci\u00f3n"},"content":{"rendered":"<p><span class=\"author_date_notice_ext\">Redacci\u00f3n<em><!-- date_publish --><br \/>\n28\/03\/2014<!-- \/date_publish --><br \/>\n<\/em><\/span> El \u00cdndice de Precios al Consumo (IPC) en Jap\u00f3n ha crecido en el mes de febrero un 1,3% anualizado. Es el noveno mes consecutivo que suben los precios, pero lo hacen por debajo de las previsiones del gobierno y todav\u00eda lejos del objetivo de alcanzar una inflaci\u00f3n del 2%.<\/p>\n<p>La <a href=\"http:\/\/www.ft.com\/intl\/cms\/s\/0\/10fabd2a-b612-11e3-b40e-00144feabdc0.html?siteedition=intl#axzz2xGuUPfAb\" target=\"_blank\" rel=\"noopener\">inflaci\u00f3n<\/a> se ha mantenido al mismo nivel que el mes anterior. Los precios se han mantenido estables y s\u00f3lo han aumentado la luz y los combustibles que se han compensado con la bajada de los servicios. <\/p>\n<p>Sin embargo, el consumo interno se ha desacelerado a pesar que en abril entrar\u00e1 en vigor una hist\u00f3rica subida del IVA, del actual 5% al 8%, que puede ralentizar todav\u00eda m\u00e1s el consumo. Los economistas esperaban un efecto llamada para activar las compras antes de la subida de impuestos que no parece que se haya producido.<\/p>\n<p>Desde abril de 2013, el Banco de Jap\u00f3n (BOJ) ha puesto en marcha un agresivo paquete de est\u00edmulos monetarios para conseguir salir de la deflaci\u00f3n en que Jap\u00f3n vive desde hace 15 a\u00f1os. El objetivo es alcanzar una tasa de inflaci\u00f3n del 2% en 2015. La meta se mantiene lejana a pesar del amplio presupuesto invertido en dinamizar la econom\u00eda. <\/p>\n<p>La buena noticia la ha proporcionado los datos del desempleo, que ha registrado la tasa m\u00e1s baja de los \u00faltimos seis a\u00f1os y cae hasta el 3,6%. <\/p>\n","protected":false},"excerpt":{"rendered":"<p>Redacci\u00f3n 28\/03\/2014 El \u00cdndice de Precios al Consumo (IPC) en Jap\u00f3n ha crecido en el mes de febrero un 1,3% anualizado. Es el noveno mes consecutivo que suben los precios, pero lo hacen por debajo de las previsiones del gobierno y todav\u00eda lejos del objetivo de alcanzar una inflaci\u00f3n del 2%. La inflaci\u00f3n se ha [&hellip;]<\/p>\n","protected":false},"author":3,"featured_media":0,"comment_status":"open","ping_status":"closed","sticky":false,"template":"","format":"standard","meta":{"fifu_image_url":"","fifu_image_alt":"","footnotes":""},"categories":[45],"tags":[],"class_list":{"0":"post-378","1":"post","2":"type-post","3":"status-publish","4":"format-standard","6":"category-economia"},"jetpack_featured_media_url":"","_links":{"self":[{"href":"https:\/\/infochina.com.ar\/index.php?rest_route=\/wp\/v2\/posts\/378","targetHints":{"allow":["GET"]}}],"collection":[{"href":"https:\/\/infochina.com.ar\/index.php?rest_route=\/wp\/v2\/posts"}],"about":[{"href":"https:\/\/infochina.com.ar\/index.php?rest_route=\/wp\/v2\/types\/post"}],"author":[{"embeddable":true,"href":"https:\/\/infochina.com.ar\/index.php?rest_route=\/wp\/v2\/users\/3"}],"replies":[{"embeddable":true,"href":"https:\/\/infochina.com.ar\/index.php?rest_route=%2Fwp%2Fv2%2Fcomments&post=378"}],"version-history":[{"count":0,"href":"https:\/\/infochina.com.ar\/index.php?rest_route=\/wp\/v2\/posts\/378\/revisions"}],"wp:attachment":[{"href":"https:\/\/infochina.com.ar\/index.php?rest_route=%2Fwp%2Fv2%2Fmedia&parent=378"}],"wp:term":[{"taxonomy":"category","embeddable":true,"href":"https:\/\/infochina.com.ar\/index.php?rest_route=%2Fwp%2Fv2%2Fcategories&post=378"},{"taxonomy":"post_tag","embeddable":true,"href":"https:\/\/infochina.com.ar\/index.php?rest_route=%2Fwp%2Fv2%2Ftags&post=378"}],"curies":[{"name":"wp","href":"https:\/\/api.w.org\/{rel}","templated":true}]}}