{"id":379,"date":"2014-03-19T08:06:29","date_gmt":"2014-03-19T08:06:29","guid":{"rendered":"http:\/\/www.asiared.com\/es\/notices\/2014\/03\/japon-reduce-su-deficit-comercial-a-su-nivel-mas-bajo-en-nueve-meses-4845.php"},"modified":"2014-03-19T08:06:29","modified_gmt":"2014-03-19T08:06:29","slug":"japon-reduce-su-deficit-comercial-a-su-nivel-mas-bajo-en-nueve-meses","status":"publish","type":"post","link":"https:\/\/infochina.com.ar\/?p=379","title":{"rendered":"Jap\u00f3n reduce su d\u00e9ficit comercial a su nivel m\u00e1s bajo en nueve meses"},"content":{"rendered":"<p><span class=\"author_date_notice_ext\">Redacci\u00f3n<em><!-- date_publish --><br \/>\n19\/03\/2014<!-- \/date_publish --><br \/>\n<\/em><\/span> La introducci\u00f3n de un impuesto sobre el consumo en abril ha tenido mucho que ver en el comportamiento de japoneses y japonesas, que hab\u00edan hecho acopio en meses anteriores de productos de importaci\u00f3n.<\/p>\n<p>Por ello el d\u00e9ficit comercial de enero se hab\u00eda disparado, con un incremento de las importaciones del 25%.<\/p>\n<p>Las exportaciones subieron en febrero un 9,8% mientras que las importaciones solamente aumentaron un 9%.<\/p>\n<p>En febrero tambi\u00e9n ha contribuido al cambio de tendencia el hecho de que a principios de mes ya hab\u00edan quedado atr\u00e1s las festividades del A\u00f1o Nuevo Lunar.<\/p>\n<p>El d\u00e9ficit comercial de febrero se ha situado en 800.000 millones de yenes, unos 7.900 millones de d\u00f3lares.<br \/>Jap\u00f3n lleva instalado en una balanza de comercio exterior deficitaria desde hace veinte meses. <\/p>\n<p>Con el incremento de la fiscalidad sobre el consumo, los analistas esperan una correcci\u00f3n en esta tendencia. <\/p>\n","protected":false},"excerpt":{"rendered":"<p>Redacci\u00f3n 19\/03\/2014 La introducci\u00f3n de un impuesto sobre el consumo en abril ha tenido mucho que ver en el comportamiento de japoneses y japonesas, que hab\u00edan hecho acopio en meses anteriores de productos de importaci\u00f3n. Por ello el d\u00e9ficit comercial de enero se hab\u00eda disparado, con un incremento de las importaciones del 25%. Las exportaciones [&hellip;]<\/p>\n","protected":false},"author":3,"featured_media":0,"comment_status":"open","ping_status":"closed","sticky":false,"template":"","format":"standard","meta":{"fifu_image_url":"","fifu_image_alt":"","footnotes":""},"categories":[45],"tags":[],"class_list":{"0":"post-379","1":"post","2":"type-post","3":"status-publish","4":"format-standard","6":"category-economia"},"jetpack_featured_media_url":"","_links":{"self":[{"href":"https:\/\/infochina.com.ar\/index.php?rest_route=\/wp\/v2\/posts\/379","targetHints":{"allow":["GET"]}}],"collection":[{"href":"https:\/\/infochina.com.ar\/index.php?rest_route=\/wp\/v2\/posts"}],"about":[{"href":"https:\/\/infochina.com.ar\/index.php?rest_route=\/wp\/v2\/types\/post"}],"author":[{"embeddable":true,"href":"https:\/\/infochina.com.ar\/index.php?rest_route=\/wp\/v2\/users\/3"}],"replies":[{"embeddable":true,"href":"https:\/\/infochina.com.ar\/index.php?rest_route=%2Fwp%2Fv2%2Fcomments&post=379"}],"version-history":[{"count":0,"href":"https:\/\/infochina.com.ar\/index.php?rest_route=\/wp\/v2\/posts\/379\/revisions"}],"wp:attachment":[{"href":"https:\/\/infochina.com.ar\/index.php?rest_route=%2Fwp%2Fv2%2Fmedia&parent=379"}],"wp:term":[{"taxonomy":"category","embeddable":true,"href":"https:\/\/infochina.com.ar\/index.php?rest_route=%2Fwp%2Fv2%2Fcategories&post=379"},{"taxonomy":"post_tag","embeddable":true,"href":"https:\/\/infochina.com.ar\/index.php?rest_route=%2Fwp%2Fv2%2Ftags&post=379"}],"curies":[{"name":"wp","href":"https:\/\/api.w.org\/{rel}","templated":true}]}}